{"id":839,"date":"2025-02-21T09:30:01","date_gmt":"2025-02-21T08:30:01","guid":{"rendered":"https:\/\/www.adn24.it\/teleregionetoscana\/2025\/02\/21\/rissa-in-pieno-centro-a-napoli-22enne-ferito-con-forbici-dopo-una-lite-per-uno-spinello\/"},"modified":"2025-02-21T09:30:01","modified_gmt":"2025-02-21T08:30:01","slug":"rissa-in-pieno-centro-a-napoli-22enne-ferito-con-forbici-dopo-una-lite-per-uno-spinello","status":"publish","type":"post","link":"https:\/\/www.adn24.it\/teleregionetoscana\/2025\/02\/21\/rissa-in-pieno-centro-a-napoli-22enne-ferito-con-forbici-dopo-una-lite-per-uno-spinello\/","title":{"rendered":"Rissa in pieno centro a Napoli: 22enne ferito con forbici dopo una lite per uno spinello"},"content":{"rendered":"\n<p>\u00c8 bastato un attimo perch\u00e9 una semplice discussione degenerasse in una violenta rissa. Un giovane di 22 anni, di origine tunisina, \u00e8 stato accoltellato con un paio di forbici nel cuore del centro storico di Napoli, in piazzetta Nilo. L&#8217;episodio \u00e8 avvenuto nel pomeriggio di mercoled\u00ec 19 febbraio, intorno alle 17.<\/p>\n\n\n\n<h3 class=\"wp-block-heading\">La lite per uno spinello e l\u2019aggressione<\/h3>\n\n\n\n<p>Il ragazzo, in compagnia di alcuni amici, stava preparando uno spinello quando una dipendente di un bar nelle vicinanze gli ha chiesto di non fumare. La richiesta ha scatenato la reazione violenta del giovane, innescando una discussione che in pochi istanti ha coinvolto altre persone e si \u00e8 trasformata in una rissa.<\/p>\n\n\n\n<p>Nel caos della colluttazione, il 22enne \u00e8 stato colpito alle spalle con un paio di forbici, riportando una grave ferita che ha interessato anche un polmone. Trasportato d\u2019urgenza in ospedale, i medici hanno stimato una prognosi di trenta giorni.<\/p>\n\n\n\n<h3 class=\"wp-block-heading\">Indagini e arresto dell\u2019aggressore<\/h3>\n\n\n\n<p>I carabinieri sono immediatamente intervenuti per ricostruire la dinamica dei fatti e individuare il responsabile dell\u2019aggressione. Le indagini hanno portato a un 42enne di Pianura, gi\u00e0 noto alle forze dell\u2019ordine.<\/p>\n\n\n\n<p>Quando i militari si sono recati presso la sua abitazione, l\u2019uomo non era presente: si trovava all\u2019ospedale San Paolo di Napoli, dove \u00e8 stato fermato e arrestato mentre era con la moglie. Gli investigatori hanno sequestrato i vestiti indossati durante la rissa, un casco, uno scooter e le forbici utilizzate per ferire il 22enne.<\/p>\n\n\n\n<p>Le forze dell\u2019ordine stanno ora cercando di chiarire ogni dettaglio della vicenda e accertare eventuali altre responsabilit\u00e0.<\/p>\n","protected":false},"excerpt":{"rendered":"<p>\u00c8 bastato un attimo perch\u00e9 una semplice discussione degenerasse in una violenta rissa. Un giovane di 22 anni, di origine tunisina, \u00e8 stato accoltellato con&#8230;<\/p>\n","protected":false},"author":4,"featured_media":840,"comment_status":"","ping_status":"","sticky":false,"template":"","format":"standard","meta":{"footnotes":""},"categories":[303,123],"tags":[493,494,495,313,496],"class_list":["post-839","post","type-post","status-publish","format-standard","has-post-thumbnail","hentry","category-campania","category-cronaca","tag-aggressione","tag-campania","tag-napoli","tag-rissa","tag-spinello"],"_links":{"self":[{"href":"https:\/\/www.adn24.it\/teleregionetoscana\/wp-json\/wp\/v2\/posts\/839","targetHints":{"allow":["GET"]}}],"collection":[{"href":"https:\/\/www.adn24.it\/teleregionetoscana\/wp-json\/wp\/v2\/posts"}],"about":[{"href":"https:\/\/www.adn24.it\/teleregionetoscana\/wp-json\/wp\/v2\/types\/post"}],"author":[{"embeddable":true,"href":"https:\/\/www.adn24.it\/teleregionetoscana\/wp-json\/wp\/v2\/users\/4"}],"replies":[{"embeddable":true,"href":"https:\/\/www.adn24.it\/teleregionetoscana\/wp-json\/wp\/v2\/comments?post=839"}],"version-history":[{"count":0,"href":"https:\/\/www.adn24.it\/teleregionetoscana\/wp-json\/wp\/v2\/posts\/839\/revisions"}],"wp:featuredmedia":[{"embeddable":true,"href":"https:\/\/www.adn24.it\/teleregionetoscana\/wp-json\/wp\/v2\/media\/840"}],"wp:attachment":[{"href":"https:\/\/www.adn24.it\/teleregionetoscana\/wp-json\/wp\/v2\/media?parent=839"}],"wp:term":[{"taxonomy":"category","embeddable":true,"href":"https:\/\/www.adn24.it\/teleregionetoscana\/wp-json\/wp\/v2\/categories?post=839"},{"taxonomy":"post_tag","embeddable":true,"href":"https:\/\/www.adn24.it\/teleregionetoscana\/wp-json\/wp\/v2\/tags?post=839"}],"curies":[{"name":"wp","href":"https:\/\/api.w.org\/{rel}","templated":true}]}}